{"id":116,"date":"2011-08-29T19:19:59","date_gmt":"2011-08-29T23:19:59","guid":{"rendered":"http:\/\/gpsanvicente.gob.ec\/azuay\/?p=116"},"modified":"2011-08-29T19:19:59","modified_gmt":"2011-08-29T23:19:59","slug":"historia","status":"publish","type":"post","link":"https:\/\/gpsanvicente.gob.ec\/azuay\/?p=116","title":{"rendered":"Historia"},"content":{"rendered":"<p style=\"text-align: justify;\">San Vicente, es desde el 7 de Agosto de 1992, una Parroquia m\u00e1s de la Provincia del Azuay. Fu\u00e9 creada como parroquia del cant\u00f3n Paute. Y luego de la creaci\u00f3n del cant\u00f3n el Pan, pas\u00f3 ha ser la \u00fanica parroquia rural del mismo, siendo su centro parroquial San Vicente.<\/p>\n<p style=\"text-align: justify;\">Haciendo una sintesis hist\u00f3rica del centro parroquial, conviene recordar, que sus primeros habitantantes fueron de Gualaceo, Cuenca y Manabi.<\/p>\n<p style=\"text-align: justify;\">Su nombre primario fu\u00e9 el de Tocteloma como ya lo indicamos anteriormente, nombre que lo conserv\u00f3 hasta el a\u00f1o de 1920. A partir de esta fecha, por decisi\u00f3n del parroc\u00f3 y los pobladores, se lo bautizo con el nombre de San Vicente Ferrer.<\/p>\n<p style=\"text-align: justify;\">Pensemos que los pueblos son lo que los habitantantes deciden. En este centro parroquial se cumpli\u00f3 y se cumple con este principio. Y es as\u00ed, que desde el a\u00f1o 1978 hasta 1992, fu\u00e9 una etapa de franco y sostenido proceso de desarrollo material y cultural de su centro, esto trascendi\u00f3 a los sectores aleda\u00f1os.<\/p>\n","protected":false},"excerpt":{"rendered":"<p>San Vicente, es desde el 7 de Agosto de 1992, una Parroquia m\u00e1s de la Provincia del Azuay. Fu\u00e9 creada como parroquia del cant\u00f3n Paute. Y luego de la creaci\u00f3n del cant\u00f3n el Pan, pas\u00f3 ha ser la \u00fanica parroquia rural del mismo, siendo su centro parroquial San Vicente. Haciendo una sintesis hist\u00f3rica del centro&hellip;<\/p>\n","protected":false},"author":6,"featured_media":0,"comment_status":"closed","ping_status":"closed","sticky":false,"template":"","format":"standard","meta":[],"categories":[1],"tags":[],"class_list":["post-116","post","type-post","status-publish","format-standard","hentry","category-sin-categoria","category-1","description-off"],"_links":{"self":[{"href":"https:\/\/gpsanvicente.gob.ec\/azuay\/index.php?rest_route=\/wp\/v2\/posts\/116","targetHints":{"allow":["GET"]}}],"collection":[{"href":"https:\/\/gpsanvicente.gob.ec\/azuay\/index.php?rest_route=\/wp\/v2\/posts"}],"about":[{"href":"https:\/\/gpsanvicente.gob.ec\/azuay\/index.php?rest_route=\/wp\/v2\/types\/post"}],"author":[{"embeddable":true,"href":"https:\/\/gpsanvicente.gob.ec\/azuay\/index.php?rest_route=\/wp\/v2\/users\/6"}],"replies":[{"embeddable":true,"href":"https:\/\/gpsanvicente.gob.ec\/azuay\/index.php?rest_route=%2Fwp%2Fv2%2Fcomments&post=116"}],"version-history":[{"count":0,"href":"https:\/\/gpsanvicente.gob.ec\/azuay\/index.php?rest_route=\/wp\/v2\/posts\/116\/revisions"}],"wp:attachment":[{"href":"https:\/\/gpsanvicente.gob.ec\/azuay\/index.php?rest_route=%2Fwp%2Fv2%2Fmedia&parent=116"}],"wp:term":[{"taxonomy":"category","embeddable":true,"href":"https:\/\/gpsanvicente.gob.ec\/azuay\/index.php?rest_route=%2Fwp%2Fv2%2Fcategories&post=116"},{"taxonomy":"post_tag","embeddable":true,"href":"https:\/\/gpsanvicente.gob.ec\/azuay\/index.php?rest_route=%2Fwp%2Fv2%2Ftags&post=116"}],"curies":[{"name":"wp","href":"https:\/\/api.w.org\/{rel}","templated":true}]}}